{"id":26715,"date":"2025-08-01T11:50:18","date_gmt":"2025-08-01T08:50:18","guid":{"rendered":"https:\/\/www.media4change.co\/?p=26715"},"modified":"2025-08-04T08:28:59","modified_gmt":"2025-08-04T05:28:59","slug":"ieskome-bendruomenes-telkejo-os-tarptautiniam-zurnalistu-tinklui","status":"publish","type":"post","link":"https:\/\/www.media4change.co\/lt\/ieskome-bendruomenes-telkejo-os-tarptautiniam-zurnalistu-tinklui\/","title":{"rendered":"Ie\u0161kome bendruomen\u0117s telk\u0117jo (-os) tarptautiniam \u017eurnalist\u0173 tinklui"},"content":{"rendered":"\n<p>Tai daugiau nei darbas \u2013 tai kvietimas prisid\u0117ti prie tarptautin\u0117s iniciatyvos, kuri padeda \u017eurnalistikai i\u0161likti ten, kur ji tylinama. Kartu su m\u016bs\u0173 komanda kursi gyvybing\u0105, tarptautin\u0119 bendruomen\u0119 \u2013 atsparos ta\u0161k\u0105, mokymosi erdv\u0119 ir tarpusavio palaikymo tinkl\u0105.<\/p>\n\n\n\n<h3 class=\"wp-block-heading\"><strong>Apie projekt\u0105<\/strong><\/h3>\n\n\n\n<p>\u0160i pozicija yra dalis <strong>LIMENet (<\/strong><strong><em>Local Innovative Media in Europe Network<\/em><\/strong><strong>)<\/strong> \u2013 tarptautinio projekto, skirto stiprinti vietos ir bendruomeninei \u017eurnalistikai. Daugelyje \u0161ali\u0173 \u2013 nuo Lietuvos iki Sakartvelo, nuo Serbijos iki Vengrijos \u2013 \u017eurnalistai vis da\u017eniau susiduria su spaudimu, finansiniu pa\u017eeid\u017eiamumu ir marginalizacija informacijos lauke.<\/p>\n\n\n\n<p>Bendruomen\u0117, kuri\u0105 pad\u0117si telkti, neapsiribos vien \u0161iomis \u0161alimis \u2013 ji bus atvira visiems, kurie tiki laisvos \u017eurnalistikos galia ir nori veikti kartu.<\/p>\n\n\n\n<h3 class=\"wp-block-heading\"><strong>Tavo pagrindinis \u012frankis \u2013<\/strong><a href=\"https:\/\/app.media4change.co\"><strong> app.media4change.co<\/strong><\/a><\/h3>\n\n\n\n<p>Tai dinami\u0161ka tarptautin\u0117 platforma, kurioje:<\/p>\n\n\n\n<ul class=\"wp-block-list\">\n<li>dalysiesi naujausia mokom\u0105ja med\u017eiaga ir praktiniais \u012frankiais \u017eurnalistams,<\/li>\n\n\n\n<li>skelbsi aktualias finansavimo galimybes,<\/li>\n\n\n\n<li>jungsi \u017eurnalistus, ekspertus ir pilietin\u0117s visuomen\u0117s narius \u012f bendrus projektus,<\/li>\n\n\n\n<li>stiprinsi tarpusavio pagalbos ir motyvacijos kult\u016br\u0105,<\/li>\n\n\n\n<li>vystysi \u017eaidybinius (gamifikacijos) elementus bendruomen\u0117s \u012fsitraukimui palaikyti.<\/li>\n<\/ul>\n\n\n<div class=\"wp-block-image\">\n<figure class=\"aligncenter size-full is-resized\"><img data-opt-id=1313999531  fetchpriority=\"high\" decoding=\"async\" width=\"1920\" height=\"1080\" src=\"https:\/\/mlunklm8xjeu.i.optimole.com\/w:auto\/h:auto\/q:mauto\/f:best\/https:\/\/www.media4change.co\/wp-content\/uploads\/2025\/08\/monitoringas-7.png\" alt=\"\" class=\"wp-image-26769\" style=\"width:766px;height:auto\" srcset=\"https:\/\/mlunklm8xjeu.i.optimole.com\/w:1920\/h:1080\/q:mauto\/f:best\/https:\/\/www.media4change.co\/wp-content\/uploads\/2025\/08\/monitoringas-7.png 1920w, https:\/\/mlunklm8xjeu.i.optimole.com\/w:300\/h:169\/q:mauto\/f:best\/https:\/\/www.media4change.co\/wp-content\/uploads\/2025\/08\/monitoringas-7.png 300w, https:\/\/mlunklm8xjeu.i.optimole.com\/w:1024\/h:576\/q:mauto\/f:best\/https:\/\/www.media4change.co\/wp-content\/uploads\/2025\/08\/monitoringas-7.png 1024w, https:\/\/mlunklm8xjeu.i.optimole.com\/w:768\/h:432\/q:mauto\/f:best\/https:\/\/www.media4change.co\/wp-content\/uploads\/2025\/08\/monitoringas-7.png 768w, https:\/\/mlunklm8xjeu.i.optimole.com\/w:1536\/h:864\/q:mauto\/f:best\/https:\/\/www.media4change.co\/wp-content\/uploads\/2025\/08\/monitoringas-7.png 1536w\" sizes=\"(max-width: 1000px) 100vw, 1000px\" \/><\/figure>\n<\/div>\n\n\n<hr class=\"wp-block-separator has-alpha-channel-opacity\"\/>\n\n\n\n<h3 class=\"wp-block-heading\"><strong>Tav\u0119s lauks \u0161ios atsakomyb\u0117s:<\/strong><\/h3>\n\n\n\n<ul class=\"wp-block-list\">\n<li>koordinuoti tarptautin\u0119 bendruomen\u0119 per<a href=\"https:\/\/app.media4change.co\"> app.media4change.co<\/a><\/li>\n\n\n\n<li>inicijuoti bendradarbiavim\u0105 tarp skirting\u0173 \u0161ali\u0173 \u017eurnalist\u0173, ekspert\u0173 ir aktyvist\u0173,<\/li>\n\n\n\n<li>kurti \u012fsitraukimo strategijas, palaikymo formatus ir bendruomen\u0117s tapatyb\u0119,<\/li>\n\n\n\n<li>naudoti skaitmeninius \u012frankius bendruomen\u0117s komunikacijai ir \u012fsitraukimui palaikyti: naujienlai\u0161kiai, bazini\u0173 vizual\u0173 k\u016brimas, informacijos sklaida<\/li>\n\n\n\n<li>prisid\u0117ti prie platformos tobulinimo \u2013 nuo id\u0117jos iki \u012fgyvendinimo<\/li>\n\n\n\n<li>vystyti iniciatyvas, kurios stiprina nari\u0173 ry\u0161\u012f, saugum\u0105 ir pasitik\u0117jim\u0105.<\/li>\n<\/ul>\n\n\n\n<hr class=\"wp-block-separator has-alpha-channel-opacity\"\/>\n\n\n\n<h3 class=\"wp-block-heading\"><strong>Ko ie\u0161kome?<\/strong><\/h3>\n\n\n\n<ul class=\"wp-block-list\">\n<li>Patirties bendruomeni\u0173, tinkl\u0173 ar projekt\u0173 koordinavime (ypa\u010d tarptautiniame kontekste),<\/li>\n\n\n\n<li>Geb\u0117jimo strukt\u016bruoti procesus, ta\u010diau i\u0161likti lanks\u010diam ir empati\u0161kam<\/li>\n\n\n\n<li>Supratimo apie \u017eurnalistikos vaidmen\u012f demokratijai (\u017eurnalistin\u0117 patirtis \u2013 privalumas, bet neb\u016btina)<\/li>\n\n\n\n<li>K\u016brybi\u0161ko ir strategi\u0161kai m\u0105stan\u010dio po\u017ei\u016brio \u012f \u017emones, veikl\u0105 ir bendruomen\u0119<\/li>\n\n\n\n<li>Imlumo arba geb\u0117jimo dirbti su skaitmeniniais \u012frankiais, skirtais komunikacijai ir bendruomen\u0117s palaikymui (pvz., naujienlai\u0161ki\u0173 siuntimas, bazini\u0173 vizual\u0173 k\u016brimas, turinio planavimas)<\/li>\n\n\n\n<li>Ger\u0173 angl\u0173 kalbos \u012fg\u016bd\u017ei\u0173 (kit\u0173 kalb\u0173 mok\u0117jimas \u2013 privalumas)<\/li>\n\n\n\n<li>Nesvarbu, kur gyveni, \u2013 svarbu, kad r\u016bpi tai, d\u0117l ko dirbame<\/li>\n<\/ul>\n\n\n\n<figure class=\"wp-block-image size-full is-resized\"><img data-opt-id=1936899690  fetchpriority=\"high\" decoding=\"async\" width=\"1920\" height=\"1080\" src=\"https:\/\/mlunklm8xjeu.i.optimole.com\/w:auto\/h:auto\/q:mauto\/f:best\/https:\/\/www.media4change.co\/wp-content\/uploads\/2025\/08\/monitoringas-6-1.png\" alt=\"\" class=\"wp-image-26765\" style=\"width:793px;height:auto\" srcset=\"https:\/\/mlunklm8xjeu.i.optimole.com\/w:1920\/h:1080\/q:mauto\/f:best\/https:\/\/www.media4change.co\/wp-content\/uploads\/2025\/08\/monitoringas-6-1.png 1920w, https:\/\/mlunklm8xjeu.i.optimole.com\/w:300\/h:169\/q:mauto\/f:best\/https:\/\/www.media4change.co\/wp-content\/uploads\/2025\/08\/monitoringas-6-1.png 300w, https:\/\/mlunklm8xjeu.i.optimole.com\/w:1024\/h:576\/q:mauto\/f:best\/https:\/\/www.media4change.co\/wp-content\/uploads\/2025\/08\/monitoringas-6-1.png 1024w, https:\/\/mlunklm8xjeu.i.optimole.com\/w:768\/h:432\/q:mauto\/f:best\/https:\/\/www.media4change.co\/wp-content\/uploads\/2025\/08\/monitoringas-6-1.png 768w, https:\/\/mlunklm8xjeu.i.optimole.com\/w:1536\/h:864\/q:mauto\/f:best\/https:\/\/www.media4change.co\/wp-content\/uploads\/2025\/08\/monitoringas-6-1.png 1536w\" sizes=\"(max-width: 1000px) 100vw, 1000px\" \/><\/figure>\n\n\n\n<hr class=\"wp-block-separator has-alpha-channel-opacity\"\/>\n\n\n\n<h3 class=\"wp-block-heading\"><strong>K\u0105 si\u016blome?<\/strong><\/h3>\n\n\n\n<ul class=\"wp-block-list\">\n<li>Prasming\u0105 darb\u0105, turint\u012f real\u0173 poveik\u012f laisvos \u017eurnalistikos atei\u010diai,<\/li>\n\n\n\n<li>tarptautin\u0119, atvir\u0105, bendradarbiavimu gr\u012fst\u0105 komand\u0105,<\/li>\n\n\n\n<li>erdv\u0119 tavo id\u0117joms ir galimyb\u0119 jas \u012fgyvendinti,<\/li>\n\n\n\n<li>galimyb\u0119 formuoti platform\u0105, kuri tikrai jungia \u017emones,<\/li>\n\n\n\n<li>lankst\u0173 darbo grafik\u0105 ir nuotolin\u012f darbo model\u012f,<\/li>\n\n\n\n<li>atlyginimas: nuo 2000 EUR\/m\u0117n. (priklausomai nuo patirties ir kompetencij\u0173).<\/li>\n<\/ul>\n\n\n\n<p>\ud83d\ude80 Darbo prad\u017eia: 2025 m. rugs\u0117jo\u2013spalio m\u0117n.<\/p>\n\n\n\n<h3 class=\"wp-block-heading\"><strong>Kaip kandidatuoti?<\/strong><\/h3>\n\n\n\n<p>\ud83d\udccb U\u017epildyk <strong>kandidat\u0173 anket\u0105 iki rugs\u0117jo 14 d. (imtinai):<br><\/strong> \ud83d\udc49 <a href=\"https:\/\/forms.gle\/GEV5UMD7puHEBkUu9\">kandidat\u0173 anketa<\/a><\/p>\n\n\n\n<p>\ud83d\udccc Kilus klausim\u0173 ra\u0161yk <strong><a href=\"mailto:neringa@zmogui.lt\">neringa@zmogui.lt<\/a><\/strong><\/p>\n\n\n\n<p><\/p>\n\n\n\n<figure class=\"wp-block-image size-full is-resized\"><img data-opt-id=1547896222  fetchpriority=\"high\" decoding=\"async\" width=\"1920\" height=\"1080\" src=\"https:\/\/mlunklm8xjeu.i.optimole.com\/w:auto\/h:auto\/q:mauto\/f:best\/https:\/\/www.media4change.co\/wp-content\/uploads\/2025\/08\/monitoringas-8.png\" alt=\"\" class=\"wp-image-26772\" style=\"width:789px;height:auto\" srcset=\"https:\/\/mlunklm8xjeu.i.optimole.com\/w:1920\/h:1080\/q:mauto\/f:best\/https:\/\/www.media4change.co\/wp-content\/uploads\/2025\/08\/monitoringas-8.png 1920w, https:\/\/mlunklm8xjeu.i.optimole.com\/w:300\/h:169\/q:mauto\/f:best\/https:\/\/www.media4change.co\/wp-content\/uploads\/2025\/08\/monitoringas-8.png 300w, https:\/\/mlunklm8xjeu.i.optimole.com\/w:1024\/h:576\/q:mauto\/f:best\/https:\/\/www.media4change.co\/wp-content\/uploads\/2025\/08\/monitoringas-8.png 1024w, https:\/\/mlunklm8xjeu.i.optimole.com\/w:768\/h:432\/q:mauto\/f:best\/https:\/\/www.media4change.co\/wp-content\/uploads\/2025\/08\/monitoringas-8.png 768w, https:\/\/mlunklm8xjeu.i.optimole.com\/w:1536\/h:864\/q:mauto\/f:best\/https:\/\/www.media4change.co\/wp-content\/uploads\/2025\/08\/monitoringas-8.png 1536w\" sizes=\"(max-width: 1000px) 100vw, 1000px\" \/><\/figure>\n\n\n\n<hr class=\"wp-block-separator has-alpha-channel-opacity\"\/>\n\n\n\n<h3 class=\"wp-block-heading\"><strong>Naudingos nuorodos<\/strong><\/h3>\n\n\n\n<p>\ud83d\udcce Kas mes:<a href=\"https:\/\/media4change.co\"> media4change.co<br><\/a> \ud83d\udce5 Tavo b\u016bsimos bendruomen\u0117s erdv\u0117:<a href=\"https:\/\/app.media4change.co\"> app.media4change.co<br><\/a> \ud83d\udcda Projektas, kuriame tavo darbas gali daryti pokyt\u012f:<br><a href=\"https:\/\/www.media4change.co\/lt\/projects\/local-innovative-media-in-europe-network\/\">LIMENET \u2013 Local Innovative Media in Europe Network<\/a><\/p>\n","protected":false},"excerpt":{"rendered":"<p>\u201eMedia4Change\u201c ple\u010dia tarptautin\u012f tinkl\u0105, jungiant\u012f \u017eurnalistus, ekspertus, pilietin\u0117s visuomen\u0117s atstovus bei tuos, kuri\u0173 balsai da\u017enai lieka u\u017e vie\u0161ojo diskurso rib\u0173. Ie\u0161kome \u017emogaus, kuris ne tik koordinuos \u0161i\u0105 bendruomen\u0119, bet ir kurs jos \u012fsitraukimo architekt\u016br\u0105 \u2013 nuo strategij\u0173 iki kasdien\u0117s dinamikos, nuo technologini\u0173 sprendim\u0173 iki \u017emogi\u0161ko ry\u0161io.<\/p>\n","protected":false},"author":12,"featured_media":26716,"comment_status":"open","ping_status":"open","sticky":false,"template":"","format":"standard","meta":{"_acf_changed":false,"inline_featured_image":false,"footnotes":""},"categories":[151,58],"tags":[],"class_list":["post-26715","post","type-post","status-publish","format-standard","has-post-thumbnail","hentry","category-rodyti-homepage","category-uncategorized-lt"],"acf":[],"yoast_head":"<!-- This site is optimized with the Yoast SEO plugin v26.9 - https:\/\/yoast.com\/product\/yoast-seo-wordpress\/ -->\n<title>Ie\u0161kome bendruomen\u0117s telk\u0117jo (-os) tarptautiniam \u017eurnalist\u0173 tinklui - Media4Change<\/title>\n<meta name=\"robots\" content=\"index, follow, max-snippet:-1, max-image-preview:large, max-video-preview:-1\" \/>\n<link rel=\"canonical\" href=\"https:\/\/www.media4change.co\/lt\/ieskome-bendruomenes-telkejo-os-tarptautiniam-zurnalistu-tinklui\/\" \/>\n<meta property=\"og:locale\" content=\"lt_LT\" \/>\n<meta property=\"og:type\" content=\"article\" \/>\n<meta property=\"og:title\" content=\"Ie\u0161kome bendruomen\u0117s telk\u0117jo (-os) tarptautiniam \u017eurnalist\u0173 tinklui - Media4Change\" \/>\n<meta property=\"og:description\" content=\"\u201eMedia4Change\u201c ple\u010dia tarptautin\u012f tinkl\u0105, jungiant\u012f \u017eurnalistus, ekspertus, pilietin\u0117s visuomen\u0117s atstovus bei tuos, kuri\u0173 balsai da\u017enai lieka u\u017e vie\u0161ojo diskurso rib\u0173. Ie\u0161kome \u017emogaus, kuris ne tik koordinuos \u0161i\u0105 bendruomen\u0119, bet ir kurs jos \u012fsitraukimo architekt\u016br\u0105 \u2013 nuo strategij\u0173 iki kasdien\u0117s dinamikos, nuo technologini\u0173 sprendim\u0173 iki \u017emogi\u0161ko ry\u0161io.\" \/>\n<meta property=\"og:url\" content=\"https:\/\/www.media4change.co\/lt\/ieskome-bendruomenes-telkejo-os-tarptautiniam-zurnalistu-tinklui\/\" \/>\n<meta property=\"og:site_name\" content=\"Media4Change\" \/>\n<meta property=\"article:publisher\" content=\"https:\/\/www.facebook.com\/media4change.co\/\" \/>\n<meta property=\"article:published_time\" content=\"2025-08-01T08:50:18+00:00\" \/>\n<meta property=\"article:modified_time\" content=\"2025-08-04T05:28:59+00:00\" \/>\n<meta property=\"og:image\" content=\"https:\/\/mlunklm8xjeu.i.optimole.com\/w:1024\/h:576\/q:mauto\/f:best\/https:\/\/www.media4change.co\/wp-content\/uploads\/2025\/08\/monitoringas-6.png\" \/>\n\t<meta property=\"og:image:width\" content=\"1024\" \/>\n\t<meta property=\"og:image:height\" content=\"576\" \/>\n\t<meta property=\"og:image:type\" content=\"image\/png\" \/>\n<meta name=\"author\" content=\"Banguol\u0117\" \/>\n<meta name=\"twitter:card\" content=\"summary_large_image\" \/>\n<meta name=\"twitter:creator\" content=\"@Media4ChangeCo\" \/>\n<meta name=\"twitter:site\" content=\"@Media4ChangeCo\" \/>\n<meta name=\"twitter:label1\" content=\"Written by\" \/>\n\t<meta name=\"twitter:data1\" content=\"Banguol\u0117\" \/>\n\t<meta name=\"twitter:label2\" content=\"Est. reading time\" \/>\n\t<meta name=\"twitter:data2\" content=\"3 minutes\" \/>\n<script type=\"application\/ld+json\" class=\"yoast-schema-graph\">{\"@context\":\"https:\/\/schema.org\",\"@graph\":[{\"@type\":\"Article\",\"@id\":\"https:\/\/www.media4change.co\/lt\/ieskome-bendruomenes-telkejo-os-tarptautiniam-zurnalistu-tinklui\/#article\",\"isPartOf\":{\"@id\":\"https:\/\/www.media4change.co\/lt\/ieskome-bendruomenes-telkejo-os-tarptautiniam-zurnalistu-tinklui\/\"},\"author\":{\"name\":\"Banguol\u0117\",\"@id\":\"https:\/\/www.media4change.co\/lt\/#\/schema\/person\/e87bd05d95f560d1c481019b4c308cf7\"},\"headline\":\"Ie\u0161kome bendruomen\u0117s telk\u0117jo (-os) tarptautiniam \u017eurnalist\u0173 tinklui\",\"datePublished\":\"2025-08-01T08:50:18+00:00\",\"dateModified\":\"2025-08-04T05:28:59+00:00\",\"mainEntityOfPage\":{\"@id\":\"https:\/\/www.media4change.co\/lt\/ieskome-bendruomenes-telkejo-os-tarptautiniam-zurnalistu-tinklui\/\"},\"wordCount\":449,\"commentCount\":0,\"image\":{\"@id\":\"https:\/\/www.media4change.co\/lt\/ieskome-bendruomenes-telkejo-os-tarptautiniam-zurnalistu-tinklui\/#primaryimage\"},\"thumbnailUrl\":\"https:\/\/mlunklm8xjeu.i.optimole.com\/w:auto\/h:auto\/q:mauto\/f:best\/https:\/\/www.media4change.co\/wp-content\/uploads\/2025\/08\/monitoringas-6.png\",\"articleSection\":[\"Rodyti homepage\",\"Uncategorized @lt\"],\"inLanguage\":\"lt-LT\",\"potentialAction\":[{\"@type\":\"CommentAction\",\"name\":\"Comment\",\"target\":[\"https:\/\/www.media4change.co\/lt\/ieskome-bendruomenes-telkejo-os-tarptautiniam-zurnalistu-tinklui\/#respond\"]}]},{\"@type\":\"WebPage\",\"@id\":\"https:\/\/www.media4change.co\/lt\/ieskome-bendruomenes-telkejo-os-tarptautiniam-zurnalistu-tinklui\/\",\"url\":\"https:\/\/www.media4change.co\/lt\/ieskome-bendruomenes-telkejo-os-tarptautiniam-zurnalistu-tinklui\/\",\"name\":\"Ie\u0161kome bendruomen\u0117s telk\u0117jo (-os) tarptautiniam \u017eurnalist\u0173 tinklui - Media4Change\",\"isPartOf\":{\"@id\":\"https:\/\/www.media4change.co\/lt\/#website\"},\"primaryImageOfPage\":{\"@id\":\"https:\/\/www.media4change.co\/lt\/ieskome-bendruomenes-telkejo-os-tarptautiniam-zurnalistu-tinklui\/#primaryimage\"},\"image\":{\"@id\":\"https:\/\/www.media4change.co\/lt\/ieskome-bendruomenes-telkejo-os-tarptautiniam-zurnalistu-tinklui\/#primaryimage\"},\"thumbnailUrl\":\"https:\/\/mlunklm8xjeu.i.optimole.com\/w:auto\/h:auto\/q:mauto\/f:best\/https:\/\/www.media4change.co\/wp-content\/uploads\/2025\/08\/monitoringas-6.png\",\"datePublished\":\"2025-08-01T08:50:18+00:00\",\"dateModified\":\"2025-08-04T05:28:59+00:00\",\"author\":{\"@id\":\"https:\/\/www.media4change.co\/lt\/#\/schema\/person\/e87bd05d95f560d1c481019b4c308cf7\"},\"breadcrumb\":{\"@id\":\"https:\/\/www.media4change.co\/lt\/ieskome-bendruomenes-telkejo-os-tarptautiniam-zurnalistu-tinklui\/#breadcrumb\"},\"inLanguage\":\"lt-LT\",\"potentialAction\":[{\"@type\":\"ReadAction\",\"target\":[\"https:\/\/www.media4change.co\/lt\/ieskome-bendruomenes-telkejo-os-tarptautiniam-zurnalistu-tinklui\/\"]}]},{\"@type\":\"ImageObject\",\"inLanguage\":\"lt-LT\",\"@id\":\"https:\/\/www.media4change.co\/lt\/ieskome-bendruomenes-telkejo-os-tarptautiniam-zurnalistu-tinklui\/#primaryimage\",\"url\":\"https:\/\/mlunklm8xjeu.i.optimole.com\/w:auto\/h:auto\/q:mauto\/f:best\/https:\/\/www.media4change.co\/wp-content\/uploads\/2025\/08\/monitoringas-6.png\",\"contentUrl\":\"https:\/\/mlunklm8xjeu.i.optimole.com\/w:auto\/h:auto\/q:mauto\/f:best\/https:\/\/www.media4change.co\/wp-content\/uploads\/2025\/08\/monitoringas-6.png\",\"width\":1920,\"height\":1080},{\"@type\":\"BreadcrumbList\",\"@id\":\"https:\/\/www.media4change.co\/lt\/ieskome-bendruomenes-telkejo-os-tarptautiniam-zurnalistu-tinklui\/#breadcrumb\",\"itemListElement\":[{\"@type\":\"ListItem\",\"position\":1,\"name\":\"Home\",\"item\":\"https:\/\/www.media4change.co\/lt\/\"},{\"@type\":\"ListItem\",\"position\":2,\"name\":\"Ie\u0161kome bendruomen\u0117s telk\u0117jo (-os) tarptautiniam \u017eurnalist\u0173 tinklui\"}]},{\"@type\":\"WebSite\",\"@id\":\"https:\/\/www.media4change.co\/lt\/#website\",\"url\":\"https:\/\/www.media4change.co\/lt\/\",\"name\":\"Media4Change\",\"description\":\"\",\"potentialAction\":[{\"@type\":\"SearchAction\",\"target\":{\"@type\":\"EntryPoint\",\"urlTemplate\":\"https:\/\/www.media4change.co\/lt\/?s={search_term_string}\"},\"query-input\":{\"@type\":\"PropertyValueSpecification\",\"valueRequired\":true,\"valueName\":\"search_term_string\"}}],\"inLanguage\":\"lt-LT\"},{\"@type\":\"Person\",\"@id\":\"https:\/\/www.media4change.co\/lt\/#\/schema\/person\/e87bd05d95f560d1c481019b4c308cf7\",\"name\":\"Banguol\u0117\",\"image\":{\"@type\":\"ImageObject\",\"inLanguage\":\"lt-LT\",\"@id\":\"https:\/\/www.media4change.co\/lt\/#\/schema\/person\/image\/\",\"url\":\"https:\/\/secure.gravatar.com\/avatar\/de72acf503302a5c1abb1c24b79e40787287328b70debaed0ca065c4f9c1e421?s=96&d=mm&r=g\",\"contentUrl\":\"https:\/\/secure.gravatar.com\/avatar\/de72acf503302a5c1abb1c24b79e40787287328b70debaed0ca065c4f9c1e421?s=96&d=mm&r=g\",\"caption\":\"Banguol\u0117\"},\"url\":\"https:\/\/www.media4change.co\/lt\/author\/monitoringaszmogui-lt\/\"}]}<\/script>\n<!-- \/ Yoast SEO plugin. -->","yoast_head_json":{"title":"Ie\u0161kome bendruomen\u0117s telk\u0117jo (-os) tarptautiniam \u017eurnalist\u0173 tinklui - Media4Change","robots":{"index":"index","follow":"follow","max-snippet":"max-snippet:-1","max-image-preview":"max-image-preview:large","max-video-preview":"max-video-preview:-1"},"canonical":"https:\/\/www.media4change.co\/lt\/ieskome-bendruomenes-telkejo-os-tarptautiniam-zurnalistu-tinklui\/","og_locale":"lt_LT","og_type":"article","og_title":"Ie\u0161kome bendruomen\u0117s telk\u0117jo (-os) tarptautiniam \u017eurnalist\u0173 tinklui - Media4Change","og_description":"\u201eMedia4Change\u201c ple\u010dia tarptautin\u012f tinkl\u0105, jungiant\u012f \u017eurnalistus, ekspertus, pilietin\u0117s visuomen\u0117s atstovus bei tuos, kuri\u0173 balsai da\u017enai lieka u\u017e vie\u0161ojo diskurso rib\u0173. Ie\u0161kome \u017emogaus, kuris ne tik koordinuos \u0161i\u0105 bendruomen\u0119, bet ir kurs jos \u012fsitraukimo architekt\u016br\u0105 \u2013 nuo strategij\u0173 iki kasdien\u0117s dinamikos, nuo technologini\u0173 sprendim\u0173 iki \u017emogi\u0161ko ry\u0161io.","og_url":"https:\/\/www.media4change.co\/lt\/ieskome-bendruomenes-telkejo-os-tarptautiniam-zurnalistu-tinklui\/","og_site_name":"Media4Change","article_publisher":"https:\/\/www.facebook.com\/media4change.co\/","article_published_time":"2025-08-01T08:50:18+00:00","article_modified_time":"2025-08-04T05:28:59+00:00","og_image":[{"width":1024,"height":576,"url":"https:\/\/mlunklm8xjeu.i.optimole.com\/w:1024\/h:576\/q:mauto\/f:best\/https:\/\/www.media4change.co\/wp-content\/uploads\/2025\/08\/monitoringas-6.png","type":"image\/png"}],"author":"Banguol\u0117","twitter_card":"summary_large_image","twitter_creator":"@Media4ChangeCo","twitter_site":"@Media4ChangeCo","twitter_misc":{"Written by":"Banguol\u0117","Est. reading time":"3 minutes"},"schema":{"@context":"https:\/\/schema.org","@graph":[{"@type":"Article","@id":"https:\/\/www.media4change.co\/lt\/ieskome-bendruomenes-telkejo-os-tarptautiniam-zurnalistu-tinklui\/#article","isPartOf":{"@id":"https:\/\/www.media4change.co\/lt\/ieskome-bendruomenes-telkejo-os-tarptautiniam-zurnalistu-tinklui\/"},"author":{"name":"Banguol\u0117","@id":"https:\/\/www.media4change.co\/lt\/#\/schema\/person\/e87bd05d95f560d1c481019b4c308cf7"},"headline":"Ie\u0161kome bendruomen\u0117s telk\u0117jo (-os) tarptautiniam \u017eurnalist\u0173 tinklui","datePublished":"2025-08-01T08:50:18+00:00","dateModified":"2025-08-04T05:28:59+00:00","mainEntityOfPage":{"@id":"https:\/\/www.media4change.co\/lt\/ieskome-bendruomenes-telkejo-os-tarptautiniam-zurnalistu-tinklui\/"},"wordCount":449,"commentCount":0,"image":{"@id":"https:\/\/www.media4change.co\/lt\/ieskome-bendruomenes-telkejo-os-tarptautiniam-zurnalistu-tinklui\/#primaryimage"},"thumbnailUrl":"https:\/\/mlunklm8xjeu.i.optimole.com\/w:auto\/h:auto\/q:mauto\/f:best\/https:\/\/www.media4change.co\/wp-content\/uploads\/2025\/08\/monitoringas-6.png","articleSection":["Rodyti homepage","Uncategorized @lt"],"inLanguage":"lt-LT","potentialAction":[{"@type":"CommentAction","name":"Comment","target":["https:\/\/www.media4change.co\/lt\/ieskome-bendruomenes-telkejo-os-tarptautiniam-zurnalistu-tinklui\/#respond"]}]},{"@type":"WebPage","@id":"https:\/\/www.media4change.co\/lt\/ieskome-bendruomenes-telkejo-os-tarptautiniam-zurnalistu-tinklui\/","url":"https:\/\/www.media4change.co\/lt\/ieskome-bendruomenes-telkejo-os-tarptautiniam-zurnalistu-tinklui\/","name":"Ie\u0161kome bendruomen\u0117s telk\u0117jo (-os) tarptautiniam \u017eurnalist\u0173 tinklui - Media4Change","isPartOf":{"@id":"https:\/\/www.media4change.co\/lt\/#website"},"primaryImageOfPage":{"@id":"https:\/\/www.media4change.co\/lt\/ieskome-bendruomenes-telkejo-os-tarptautiniam-zurnalistu-tinklui\/#primaryimage"},"image":{"@id":"https:\/\/www.media4change.co\/lt\/ieskome-bendruomenes-telkejo-os-tarptautiniam-zurnalistu-tinklui\/#primaryimage"},"thumbnailUrl":"https:\/\/mlunklm8xjeu.i.optimole.com\/w:auto\/h:auto\/q:mauto\/f:best\/https:\/\/www.media4change.co\/wp-content\/uploads\/2025\/08\/monitoringas-6.png","datePublished":"2025-08-01T08:50:18+00:00","dateModified":"2025-08-04T05:28:59+00:00","author":{"@id":"https:\/\/www.media4change.co\/lt\/#\/schema\/person\/e87bd05d95f560d1c481019b4c308cf7"},"breadcrumb":{"@id":"https:\/\/www.media4change.co\/lt\/ieskome-bendruomenes-telkejo-os-tarptautiniam-zurnalistu-tinklui\/#breadcrumb"},"inLanguage":"lt-LT","potentialAction":[{"@type":"ReadAction","target":["https:\/\/www.media4change.co\/lt\/ieskome-bendruomenes-telkejo-os-tarptautiniam-zurnalistu-tinklui\/"]}]},{"@type":"ImageObject","inLanguage":"lt-LT","@id":"https:\/\/www.media4change.co\/lt\/ieskome-bendruomenes-telkejo-os-tarptautiniam-zurnalistu-tinklui\/#primaryimage","url":"https:\/\/mlunklm8xjeu.i.optimole.com\/w:auto\/h:auto\/q:mauto\/f:best\/https:\/\/www.media4change.co\/wp-content\/uploads\/2025\/08\/monitoringas-6.png","contentUrl":"https:\/\/mlunklm8xjeu.i.optimole.com\/w:auto\/h:auto\/q:mauto\/f:best\/https:\/\/www.media4change.co\/wp-content\/uploads\/2025\/08\/monitoringas-6.png","width":1920,"height":1080},{"@type":"BreadcrumbList","@id":"https:\/\/www.media4change.co\/lt\/ieskome-bendruomenes-telkejo-os-tarptautiniam-zurnalistu-tinklui\/#breadcrumb","itemListElement":[{"@type":"ListItem","position":1,"name":"Home","item":"https:\/\/www.media4change.co\/lt\/"},{"@type":"ListItem","position":2,"name":"Ie\u0161kome bendruomen\u0117s telk\u0117jo (-os) tarptautiniam \u017eurnalist\u0173 tinklui"}]},{"@type":"WebSite","@id":"https:\/\/www.media4change.co\/lt\/#website","url":"https:\/\/www.media4change.co\/lt\/","name":"Media4Change","description":"","potentialAction":[{"@type":"SearchAction","target":{"@type":"EntryPoint","urlTemplate":"https:\/\/www.media4change.co\/lt\/?s={search_term_string}"},"query-input":{"@type":"PropertyValueSpecification","valueRequired":true,"valueName":"search_term_string"}}],"inLanguage":"lt-LT"},{"@type":"Person","@id":"https:\/\/www.media4change.co\/lt\/#\/schema\/person\/e87bd05d95f560d1c481019b4c308cf7","name":"Banguol\u0117","image":{"@type":"ImageObject","inLanguage":"lt-LT","@id":"https:\/\/www.media4change.co\/lt\/#\/schema\/person\/image\/","url":"https:\/\/secure.gravatar.com\/avatar\/de72acf503302a5c1abb1c24b79e40787287328b70debaed0ca065c4f9c1e421?s=96&d=mm&r=g","contentUrl":"https:\/\/secure.gravatar.com\/avatar\/de72acf503302a5c1abb1c24b79e40787287328b70debaed0ca065c4f9c1e421?s=96&d=mm&r=g","caption":"Banguol\u0117"},"url":"https:\/\/www.media4change.co\/lt\/author\/monitoringaszmogui-lt\/"}]}},"_links":{"self":[{"href":"https:\/\/www.media4change.co\/lt\/wp-json\/wp\/v2\/posts\/26715","targetHints":{"allow":["GET"]}}],"collection":[{"href":"https:\/\/www.media4change.co\/lt\/wp-json\/wp\/v2\/posts"}],"about":[{"href":"https:\/\/www.media4change.co\/lt\/wp-json\/wp\/v2\/types\/post"}],"author":[{"embeddable":true,"href":"https:\/\/www.media4change.co\/lt\/wp-json\/wp\/v2\/users\/12"}],"replies":[{"embeddable":true,"href":"https:\/\/www.media4change.co\/lt\/wp-json\/wp\/v2\/comments?post=26715"}],"version-history":[{"count":2,"href":"https:\/\/www.media4change.co\/lt\/wp-json\/wp\/v2\/posts\/26715\/revisions"}],"predecessor-version":[{"id":26848,"href":"https:\/\/www.media4change.co\/lt\/wp-json\/wp\/v2\/posts\/26715\/revisions\/26848"}],"wp:featuredmedia":[{"embeddable":true,"href":"https:\/\/www.media4change.co\/lt\/wp-json\/wp\/v2\/media\/26716"}],"wp:attachment":[{"href":"https:\/\/www.media4change.co\/lt\/wp-json\/wp\/v2\/media?parent=26715"}],"wp:term":[{"taxonomy":"category","embeddable":true,"href":"https:\/\/www.media4change.co\/lt\/wp-json\/wp\/v2\/categories?post=26715"},{"taxonomy":"post_tag","embeddable":true,"href":"https:\/\/www.media4change.co\/lt\/wp-json\/wp\/v2\/tags?post=26715"}],"curies":[{"name":"wp","href":"https:\/\/api.w.org\/{rel}","templated":true}]}}